{"id":17202,"date":"2021-09-30T07:00:26","date_gmt":"2021-09-30T06:00:26","guid":{"rendered":"https:\/\/www.blaudemar.cat\/celebra-las-jornadas-gastronomicas-del-calamarenys-en-el-blau-de-mar\/"},"modified":"2022-10-25T20:11:07","modified_gmt":"2022-10-25T19:11:07","slug":"celebra-las-jornadas-gastronomicas-del-calamarenys-en-el-blau-de-mar","status":"publish","type":"post","link":"https:\/\/www.blaudemar.cat\/es\/celebra-las-jornadas-gastronomicas-del-calamarenys-en-el-blau-de-mar\/","title":{"rendered":"Celebra las Jornadas Gastron\u00f3micas del Calamarenys en el Blau de Mar"},"content":{"rendered":"<p>[vc_row css_animation=\u00bb\u00bb row_type=\u00bbrow\u00bb use_row_as_full_screen_section=\u00bbno\u00bb type=\u00bbfull_width\u00bb angled_section=\u00bbno\u00bb text_align=\u00bbleft\u00bb background_image_as_pattern=\u00bbwithout_pattern\u00bb][vc_column][vc_column_text]<\/p>\n<p class=\"p1\">Del <strong>1 al 31 de octubre vuelven las <a href=\"https:\/\/arenysdemar.cat\/ambit.php?id=112\" target=\"_blank\" rel=\"noopener\">Jornadas Gastron\u00f3micas del Calamarenys en Arenys de Mar <\/a><\/strong> y tambi\u00e9n en el restaurante Blau de Mar.<span class=\"Apple-converted-space\"> <\/span><\/p>\n<p class=\"p1\">Este mes de octubre, aparte de <a href=\"https:\/\/www.blaudemar.cat\/es\/carta\/\">nuestra carta<\/a> habitual, encontrar\u00e9is <strong>cuatro platos nuevos<\/strong><span class=\"Apple-converted-space\">  <\/span>(todos ellos aptos para cel\u00edacos) <strong>con el calamar de potera como protagonista<\/strong>. A trav\u00e9s de estas creaciones, desde el Blau de Mar hemos querido demostrar la versatilidad de este ingrediente pescado en la costa de Arenys. Podr\u00e9is degustarlo convertido en <em>tagliatelle<\/em>, marinado con c\u00edtricos, a la brasa o con arroz negro. Siempre acompa\u00f1ado de productos de proximidad que os har\u00e1n llegar en barca al pueblo y pasear por el Maresme, todo sin moverse del restaurante.<\/p>\n<p>[\/vc_column_text][\/vc_column][\/vc_row][vc_row css_animation=\u00bb\u00bb row_type=\u00bbrow\u00bb use_row_as_full_screen_section=\u00bbno\u00bb type=\u00bbfull_width\u00bb angled_section=\u00bbno\u00bb text_align=\u00bbleft\u00bb background_image_as_pattern=\u00bbwithout_pattern\u00bb][vc_column][vc_separator type=\u00bbtransparent\u00bb thickness=\u00bb10&#8243;]<blockquote class='' style='border-left-color: #5a7596;'><h5 class='blockquote-text' style='color: #5a7596;'>Del 1 al 31 de octubre ven a degustar los platos creados para las 26 Jornadas Gastron\u00f3micas del Calamar de Arenys en el restaurante Blau de Mar<\/h5><\/blockquote>[vc_separator type=\u00bbtransparent\u00bb thickness=\u00bb10&#8243;][\/vc_column][\/vc_row][vc_row css_animation=\u00bb\u00bb row_type=\u00bbrow\u00bb use_row_as_full_screen_section=\u00bbno\u00bb type=\u00bbfull_width\u00bb angled_section=\u00bbno\u00bb text_align=\u00bbleft\u00bb background_image_as_pattern=\u00bbwithout_pattern\u00bb][vc_column][vc_column_text]<\/p>\n<p class=\"p1\">\u00bfQuier\u00e9is conocer nuestra propuesta gastron\u00f3mica? Aqu\u00ed la ten\u00e9is:<\/p>\n<ul>\n<li class=\"p3\">Arroz negro con calamar de potera y cremoso de aguacate &#8211; 22 \u20ac (apto para cel\u00edacos)<\/li>\n<li class=\"p3\"><em>Ceviche<\/em> de calamar &#8211; 18 \u20ac (apto para cel\u00edacos)<\/li>\n<li class=\"p3\"><em>Tagliatelle<\/em> de calamar con yema de huevo confitado y tocino ib\u00e9rico &#8211; 18 \u20ac (apto para cel\u00edacos)<\/li>\n<li class=\"p3\">Calamar de potera a la brasa con sabores del Maresme &#8211; 24 \u20ac (apto para cel\u00edacos)<\/li>\n<\/ul>\n<p>&nbsp;<\/p>\n<p class=\"p5\">\u00bfTienes claro qu\u00e9 platos quieres degustar? \u00a1No lo pienses m\u00e1s y <a href=\"https:\/\/www.blaudemar.cat\/es\/reserva\/\"><strong>reserva tu mesa aqu\u00ed!<\/strong><\/a><\/p>\n<h4><\/h4>\n<p>[\/vc_column_text][\/vc_column][\/vc_row][vc_row css_animation=\u00bb\u00bb row_type=\u00bbrow\u00bb use_row_as_full_screen_section=\u00bbno\u00bb type=\u00bbfull_width\u00bb angled_section=\u00bbno\u00bb text_align=\u00bbleft\u00bb background_image_as_pattern=\u00bbwithout_pattern\u00bb][vc_column][vc_single_image image=\u00bb17051&#8243; img_size=\u00bb600&#215;380&#8243; alignment=\u00bbcenter\u00bb qode_css_animation=\u00bb\u00bb][vc_empty_space height=\u00bb25px\u00bb][\/vc_column][\/vc_row][vc_row css_animation=\u00bb\u00bb row_type=\u00bbrow\u00bb use_row_as_full_screen_section=\u00bbno\u00bb type=\u00bbfull_width\u00bb angled_section=\u00bbno\u00bb text_align=\u00bbleft\u00bb background_image_as_pattern=\u00bbwithout_pattern\u00bb][vc_column][vc_column_text]<\/p>\n<h5 class=\"p1\">Vive el Calamarenys<\/h5>\n<p><strong>Desde el <a href=\"https:\/\/www.blaudemar.cat\/es\/\">Blau de Mar<\/a> os invitamos a disfrutar de una experiencia completa en Arenys de Mar<\/strong>, a participar de estas jornadas gastron\u00f3micas catando nuestros platos y participando en las actividades que se han organizado para la ocasi\u00f3n: visitas al puerto, paseos en barca o descubrimientos naturalistas.<\/p>\n<p>Si quier\u00e9is saber todo lo que rodea las 26 Jornadas Gastron\u00f3micas del <span class=\"hiddenSpellError\">Calamarenys<\/span> <a href=\"https:\/\/arenysdemar.cat\/document.php?id=31864\" target=\"_blank\" rel=\"noopener\"><strong>visitad la web<\/strong><\/a> que se ha creado para la ocasi\u00f3n desde el Ayuntamiento, donde encontrar\u00e9is <a href=\"https:\/\/arenysdemar.cat\/document.php?id=39456\" target=\"_blank\" rel=\"noopener\">descuentos<\/a>, <a href=\"https:\/\/arenysdemar.cat\/document.php?id=39457\" target=\"_blank\" rel=\"noopener\">recetas<\/a> y <a href=\"https:\/\/arenysdemar.cat\/document.php?id=33890\" target=\"_blank\" rel=\"noopener\">todos los restaurantes<\/a> que participan.<\/p>\n<p>\u00a1Celebra el Calamarenys en el Blau de Mar![\/vc_column_text][\/vc_column][\/vc_row]<\/p>\n","protected":false},"excerpt":{"rendered":"<p>Del 1 al 31 de octubre celebra las 26 Jornadas Gastron\u00f3micas del Calamarenys en el restaurante Blau de Mar<\/p>\n","protected":false},"author":2,"featured_media":17048,"comment_status":"open","ping_status":"open","sticky":false,"template":"","format":"standard","meta":{"footnotes":""},"categories":[117,109],"tags":[119,120,161,162,160,133,118],"class_list":["post-17202","post","type-post","status-publish","format-standard","has-post-thumbnail","hentry","category-actividades","category-sin-categorizar","tag-arenys-de-mar-es","tag-blau-de-mar-es","tag-calamar-es","tag-calamar-de-potera-es","tag-calamarenys-es","tag-jornadas-gastronomicas","tag-restaurante"],"yoast_head":"<!-- This site is optimized with the Yoast SEO plugin v27.5 - https:\/\/yoast.com\/product\/yoast-seo-wordpress\/ -->\n<title>Celebra las Jornadas Gastron\u00f3micas del Calamarenys en el Blau de Mar - Restaurante Blau de Mar<\/title>\n<meta name=\"description\" content=\"Del 1 al 31 de octubre celebra las 26 Jornadas Gastron\u00f3micas del Calamarenys en el restaurante Blau de Mar.\" \/>\n<meta name=\"robots\" content=\"index, follow, max-snippet:-1, max-image-preview:large, max-video-preview:-1\" \/>\n<link rel=\"canonical\" href=\"https:\/\/www.blaudemar.cat\/es\/celebra-las-jornadas-gastronomicas-del-calamarenys-en-el-blau-de-mar\/\" \/>\n<meta property=\"og:locale\" content=\"es_ES\" \/>\n<meta property=\"og:type\" content=\"article\" \/>\n<meta property=\"og:title\" content=\"Celebra las Jornadas Gastron\u00f3micas del Calamarenys en el Blau de Mar - Restaurante Blau de Mar\" \/>\n<meta property=\"og:description\" content=\"Del 1 al 31 de octubre celebra las 26 Jornadas Gastron\u00f3micas del Calamarenys en el restaurante Blau de Mar.\" \/>\n<meta property=\"og:url\" content=\"https:\/\/www.blaudemar.cat\/es\/celebra-las-jornadas-gastronomicas-del-calamarenys-en-el-blau-de-mar\/\" \/>\n<meta property=\"og:site_name\" content=\"Restaurante Blau de Mar\" \/>\n<meta property=\"article:published_time\" content=\"2021-09-30T06:00:26+00:00\" \/>\n<meta property=\"article:modified_time\" content=\"2022-10-25T19:11:07+00:00\" \/>\n<meta property=\"og:image\" content=\"https:\/\/www.blaudemar.cat\/wp-content\/uploads\/2021\/09\/calamarenys.jpg\" \/>\n\t<meta property=\"og:image:width\" content=\"900\" \/>\n\t<meta property=\"og:image:height\" content=\"714\" \/>\n\t<meta property=\"og:image:type\" content=\"image\/jpeg\" \/>\n<meta name=\"author\" content=\"Blau de Mar\" \/>\n<meta name=\"twitter:card\" content=\"summary_large_image\" \/>\n<meta name=\"twitter:label1\" content=\"Escrito por\" \/>\n\t<meta name=\"twitter:data1\" content=\"Blau de Mar\" \/>\n\t<meta name=\"twitter:label2\" content=\"Tiempo de lectura\" \/>\n\t<meta name=\"twitter:data2\" content=\"3 minutos\" \/>\n<script type=\"application\/ld+json\" class=\"yoast-schema-graph\">{\"@context\":\"https:\\\/\\\/schema.org\",\"@graph\":[{\"@type\":\"Article\",\"@id\":\"https:\\\/\\\/www.blaudemar.cat\\\/es\\\/celebra-las-jornadas-gastronomicas-del-calamarenys-en-el-blau-de-mar\\\/#article\",\"isPartOf\":{\"@id\":\"https:\\\/\\\/www.blaudemar.cat\\\/es\\\/celebra-las-jornadas-gastronomicas-del-calamarenys-en-el-blau-de-mar\\\/\"},\"author\":{\"name\":\"Blau de Mar\",\"@id\":\"https:\\\/\\\/www.blaudemar.cat\\\/es\\\/#\\\/schema\\\/person\\\/3c7ecad20fbe3bca196381d8e5db2975\"},\"headline\":\"Celebra las Jornadas Gastron\u00f3micas del Calamarenys en el Blau de Mar\",\"datePublished\":\"2021-09-30T06:00:26+00:00\",\"dateModified\":\"2022-10-25T19:11:07+00:00\",\"mainEntityOfPage\":{\"@id\":\"https:\\\/\\\/www.blaudemar.cat\\\/es\\\/celebra-las-jornadas-gastronomicas-del-calamarenys-en-el-blau-de-mar\\\/\"},\"wordCount\":570,\"commentCount\":0,\"image\":{\"@id\":\"https:\\\/\\\/www.blaudemar.cat\\\/es\\\/celebra-las-jornadas-gastronomicas-del-calamarenys-en-el-blau-de-mar\\\/#primaryimage\"},\"thumbnailUrl\":\"https:\\\/\\\/www.blaudemar.cat\\\/wp-content\\\/uploads\\\/2021\\\/09\\\/calamarenys.jpg\",\"keywords\":[\"Arenys de Mar\",\"Blau de Mar\",\"calamar\",\"calamar de potera\",\"calamarenys\",\"jornadas gastron\u00f3micas\",\"restaurante\"],\"articleSection\":[\"actividades\",\"Sin categorizar\"],\"inLanguage\":\"es\",\"potentialAction\":[{\"@type\":\"CommentAction\",\"name\":\"Comment\",\"target\":[\"https:\\\/\\\/www.blaudemar.cat\\\/es\\\/celebra-las-jornadas-gastronomicas-del-calamarenys-en-el-blau-de-mar\\\/#respond\"]}]},{\"@type\":\"WebPage\",\"@id\":\"https:\\\/\\\/www.blaudemar.cat\\\/es\\\/celebra-las-jornadas-gastronomicas-del-calamarenys-en-el-blau-de-mar\\\/\",\"url\":\"https:\\\/\\\/www.blaudemar.cat\\\/es\\\/celebra-las-jornadas-gastronomicas-del-calamarenys-en-el-blau-de-mar\\\/\",\"name\":\"Celebra las Jornadas Gastron\u00f3micas del Calamarenys en el Blau de Mar - Restaurante Blau de Mar\",\"isPartOf\":{\"@id\":\"https:\\\/\\\/www.blaudemar.cat\\\/es\\\/#website\"},\"primaryImageOfPage\":{\"@id\":\"https:\\\/\\\/www.blaudemar.cat\\\/es\\\/celebra-las-jornadas-gastronomicas-del-calamarenys-en-el-blau-de-mar\\\/#primaryimage\"},\"image\":{\"@id\":\"https:\\\/\\\/www.blaudemar.cat\\\/es\\\/celebra-las-jornadas-gastronomicas-del-calamarenys-en-el-blau-de-mar\\\/#primaryimage\"},\"thumbnailUrl\":\"https:\\\/\\\/www.blaudemar.cat\\\/wp-content\\\/uploads\\\/2021\\\/09\\\/calamarenys.jpg\",\"datePublished\":\"2021-09-30T06:00:26+00:00\",\"dateModified\":\"2022-10-25T19:11:07+00:00\",\"author\":{\"@id\":\"https:\\\/\\\/www.blaudemar.cat\\\/es\\\/#\\\/schema\\\/person\\\/3c7ecad20fbe3bca196381d8e5db2975\"},\"description\":\"Del 1 al 31 de octubre celebra las 26 Jornadas Gastron\u00f3micas del Calamarenys en el restaurante Blau de Mar.\",\"breadcrumb\":{\"@id\":\"https:\\\/\\\/www.blaudemar.cat\\\/es\\\/celebra-las-jornadas-gastronomicas-del-calamarenys-en-el-blau-de-mar\\\/#breadcrumb\"},\"inLanguage\":\"es\",\"potentialAction\":[{\"@type\":\"ReadAction\",\"target\":[\"https:\\\/\\\/www.blaudemar.cat\\\/es\\\/celebra-las-jornadas-gastronomicas-del-calamarenys-en-el-blau-de-mar\\\/\"]}]},{\"@type\":\"ImageObject\",\"inLanguage\":\"es\",\"@id\":\"https:\\\/\\\/www.blaudemar.cat\\\/es\\\/celebra-las-jornadas-gastronomicas-del-calamarenys-en-el-blau-de-mar\\\/#primaryimage\",\"url\":\"https:\\\/\\\/www.blaudemar.cat\\\/wp-content\\\/uploads\\\/2021\\\/09\\\/calamarenys.jpg\",\"contentUrl\":\"https:\\\/\\\/www.blaudemar.cat\\\/wp-content\\\/uploads\\\/2021\\\/09\\\/calamarenys.jpg\",\"width\":900,\"height\":714,\"caption\":\"26es Jornades Gastron\u00f2miques del Calamar d'Arenys\"},{\"@type\":\"BreadcrumbList\",\"@id\":\"https:\\\/\\\/www.blaudemar.cat\\\/es\\\/celebra-las-jornadas-gastronomicas-del-calamarenys-en-el-blau-de-mar\\\/#breadcrumb\",\"itemListElement\":[{\"@type\":\"ListItem\",\"position\":1,\"name\":\"Inicio\",\"item\":\"https:\\\/\\\/www.blaudemar.cat\\\/es\\\/\"},{\"@type\":\"ListItem\",\"position\":2,\"name\":\"Celebra las Jornadas Gastron\u00f3micas del Calamarenys en el Blau de Mar\"}]},{\"@type\":\"WebSite\",\"@id\":\"https:\\\/\\\/www.blaudemar.cat\\\/es\\\/#website\",\"url\":\"https:\\\/\\\/www.blaudemar.cat\\\/es\\\/\",\"name\":\"Restaurante Blau de Mar\",\"description\":\"Cocina de proximidad y producto de calidad en Arenys de Mar (Maresme)\",\"potentialAction\":[{\"@type\":\"SearchAction\",\"target\":{\"@type\":\"EntryPoint\",\"urlTemplate\":\"https:\\\/\\\/www.blaudemar.cat\\\/es\\\/?s={search_term_string}\"},\"query-input\":{\"@type\":\"PropertyValueSpecification\",\"valueRequired\":true,\"valueName\":\"search_term_string\"}}],\"inLanguage\":\"es\"},{\"@type\":\"Person\",\"@id\":\"https:\\\/\\\/www.blaudemar.cat\\\/es\\\/#\\\/schema\\\/person\\\/3c7ecad20fbe3bca196381d8e5db2975\",\"name\":\"Blau de Mar\",\"sameAs\":[\"https:\\\/\\\/www.blaudemar.cat\"]}]}<\/script>\n<!-- \/ Yoast SEO plugin. -->","yoast_head_json":{"title":"Celebra las Jornadas Gastron\u00f3micas del Calamarenys en el Blau de Mar - Restaurante Blau de Mar","description":"Del 1 al 31 de octubre celebra las 26 Jornadas Gastron\u00f3micas del Calamarenys en el restaurante Blau de Mar.","robots":{"index":"index","follow":"follow","max-snippet":"max-snippet:-1","max-image-preview":"max-image-preview:large","max-video-preview":"max-video-preview:-1"},"canonical":"https:\/\/www.blaudemar.cat\/es\/celebra-las-jornadas-gastronomicas-del-calamarenys-en-el-blau-de-mar\/","og_locale":"es_ES","og_type":"article","og_title":"Celebra las Jornadas Gastron\u00f3micas del Calamarenys en el Blau de Mar - Restaurante Blau de Mar","og_description":"Del 1 al 31 de octubre celebra las 26 Jornadas Gastron\u00f3micas del Calamarenys en el restaurante Blau de Mar.","og_url":"https:\/\/www.blaudemar.cat\/es\/celebra-las-jornadas-gastronomicas-del-calamarenys-en-el-blau-de-mar\/","og_site_name":"Restaurante Blau de Mar","article_published_time":"2021-09-30T06:00:26+00:00","article_modified_time":"2022-10-25T19:11:07+00:00","og_image":[{"width":900,"height":714,"url":"https:\/\/www.blaudemar.cat\/wp-content\/uploads\/2021\/09\/calamarenys.jpg","type":"image\/jpeg"}],"author":"Blau de Mar","twitter_card":"summary_large_image","twitter_misc":{"Escrito por":"Blau de Mar","Tiempo de lectura":"3 minutos"},"schema":{"@context":"https:\/\/schema.org","@graph":[{"@type":"Article","@id":"https:\/\/www.blaudemar.cat\/es\/celebra-las-jornadas-gastronomicas-del-calamarenys-en-el-blau-de-mar\/#article","isPartOf":{"@id":"https:\/\/www.blaudemar.cat\/es\/celebra-las-jornadas-gastronomicas-del-calamarenys-en-el-blau-de-mar\/"},"author":{"name":"Blau de Mar","@id":"https:\/\/www.blaudemar.cat\/es\/#\/schema\/person\/3c7ecad20fbe3bca196381d8e5db2975"},"headline":"Celebra las Jornadas Gastron\u00f3micas del Calamarenys en el Blau de Mar","datePublished":"2021-09-30T06:00:26+00:00","dateModified":"2022-10-25T19:11:07+00:00","mainEntityOfPage":{"@id":"https:\/\/www.blaudemar.cat\/es\/celebra-las-jornadas-gastronomicas-del-calamarenys-en-el-blau-de-mar\/"},"wordCount":570,"commentCount":0,"image":{"@id":"https:\/\/www.blaudemar.cat\/es\/celebra-las-jornadas-gastronomicas-del-calamarenys-en-el-blau-de-mar\/#primaryimage"},"thumbnailUrl":"https:\/\/www.blaudemar.cat\/wp-content\/uploads\/2021\/09\/calamarenys.jpg","keywords":["Arenys de Mar","Blau de Mar","calamar","calamar de potera","calamarenys","jornadas gastron\u00f3micas","restaurante"],"articleSection":["actividades","Sin categorizar"],"inLanguage":"es","potentialAction":[{"@type":"CommentAction","name":"Comment","target":["https:\/\/www.blaudemar.cat\/es\/celebra-las-jornadas-gastronomicas-del-calamarenys-en-el-blau-de-mar\/#respond"]}]},{"@type":"WebPage","@id":"https:\/\/www.blaudemar.cat\/es\/celebra-las-jornadas-gastronomicas-del-calamarenys-en-el-blau-de-mar\/","url":"https:\/\/www.blaudemar.cat\/es\/celebra-las-jornadas-gastronomicas-del-calamarenys-en-el-blau-de-mar\/","name":"Celebra las Jornadas Gastron\u00f3micas del Calamarenys en el Blau de Mar - Restaurante Blau de Mar","isPartOf":{"@id":"https:\/\/www.blaudemar.cat\/es\/#website"},"primaryImageOfPage":{"@id":"https:\/\/www.blaudemar.cat\/es\/celebra-las-jornadas-gastronomicas-del-calamarenys-en-el-blau-de-mar\/#primaryimage"},"image":{"@id":"https:\/\/www.blaudemar.cat\/es\/celebra-las-jornadas-gastronomicas-del-calamarenys-en-el-blau-de-mar\/#primaryimage"},"thumbnailUrl":"https:\/\/www.blaudemar.cat\/wp-content\/uploads\/2021\/09\/calamarenys.jpg","datePublished":"2021-09-30T06:00:26+00:00","dateModified":"2022-10-25T19:11:07+00:00","author":{"@id":"https:\/\/www.blaudemar.cat\/es\/#\/schema\/person\/3c7ecad20fbe3bca196381d8e5db2975"},"description":"Del 1 al 31 de octubre celebra las 26 Jornadas Gastron\u00f3micas del Calamarenys en el restaurante Blau de Mar.","breadcrumb":{"@id":"https:\/\/www.blaudemar.cat\/es\/celebra-las-jornadas-gastronomicas-del-calamarenys-en-el-blau-de-mar\/#breadcrumb"},"inLanguage":"es","potentialAction":[{"@type":"ReadAction","target":["https:\/\/www.blaudemar.cat\/es\/celebra-las-jornadas-gastronomicas-del-calamarenys-en-el-blau-de-mar\/"]}]},{"@type":"ImageObject","inLanguage":"es","@id":"https:\/\/www.blaudemar.cat\/es\/celebra-las-jornadas-gastronomicas-del-calamarenys-en-el-blau-de-mar\/#primaryimage","url":"https:\/\/www.blaudemar.cat\/wp-content\/uploads\/2021\/09\/calamarenys.jpg","contentUrl":"https:\/\/www.blaudemar.cat\/wp-content\/uploads\/2021\/09\/calamarenys.jpg","width":900,"height":714,"caption":"26es Jornades Gastron\u00f2miques del Calamar d'Arenys"},{"@type":"BreadcrumbList","@id":"https:\/\/www.blaudemar.cat\/es\/celebra-las-jornadas-gastronomicas-del-calamarenys-en-el-blau-de-mar\/#breadcrumb","itemListElement":[{"@type":"ListItem","position":1,"name":"Inicio","item":"https:\/\/www.blaudemar.cat\/es\/"},{"@type":"ListItem","position":2,"name":"Celebra las Jornadas Gastron\u00f3micas del Calamarenys en el Blau de Mar"}]},{"@type":"WebSite","@id":"https:\/\/www.blaudemar.cat\/es\/#website","url":"https:\/\/www.blaudemar.cat\/es\/","name":"Restaurante Blau de Mar","description":"Cocina de proximidad y producto de calidad en Arenys de Mar (Maresme)","potentialAction":[{"@type":"SearchAction","target":{"@type":"EntryPoint","urlTemplate":"https:\/\/www.blaudemar.cat\/es\/?s={search_term_string}"},"query-input":{"@type":"PropertyValueSpecification","valueRequired":true,"valueName":"search_term_string"}}],"inLanguage":"es"},{"@type":"Person","@id":"https:\/\/www.blaudemar.cat\/es\/#\/schema\/person\/3c7ecad20fbe3bca196381d8e5db2975","name":"Blau de Mar","sameAs":["https:\/\/www.blaudemar.cat"]}]}},"_links":{"self":[{"href":"https:\/\/www.blaudemar.cat\/es\/wp-json\/wp\/v2\/posts\/17202","targetHints":{"allow":["GET"]}}],"collection":[{"href":"https:\/\/www.blaudemar.cat\/es\/wp-json\/wp\/v2\/posts"}],"about":[{"href":"https:\/\/www.blaudemar.cat\/es\/wp-json\/wp\/v2\/types\/post"}],"author":[{"embeddable":true,"href":"https:\/\/www.blaudemar.cat\/es\/wp-json\/wp\/v2\/users\/2"}],"replies":[{"embeddable":true,"href":"https:\/\/www.blaudemar.cat\/es\/wp-json\/wp\/v2\/comments?post=17202"}],"version-history":[{"count":11,"href":"https:\/\/www.blaudemar.cat\/es\/wp-json\/wp\/v2\/posts\/17202\/revisions"}],"predecessor-version":[{"id":17303,"href":"https:\/\/www.blaudemar.cat\/es\/wp-json\/wp\/v2\/posts\/17202\/revisions\/17303"}],"wp:featuredmedia":[{"embeddable":true,"href":"https:\/\/www.blaudemar.cat\/es\/wp-json\/wp\/v2\/media\/17048"}],"wp:attachment":[{"href":"https:\/\/www.blaudemar.cat\/es\/wp-json\/wp\/v2\/media?parent=17202"}],"wp:term":[{"taxonomy":"category","embeddable":true,"href":"https:\/\/www.blaudemar.cat\/es\/wp-json\/wp\/v2\/categories?post=17202"},{"taxonomy":"post_tag","embeddable":true,"href":"https:\/\/www.blaudemar.cat\/es\/wp-json\/wp\/v2\/tags?post=17202"}],"curies":[{"name":"wp","href":"https:\/\/api.w.org\/{rel}","templated":true}]}}